{"id":3566,"date":"2021-11-26T12:13:29","date_gmt":"2021-11-26T11:13:29","guid":{"rendered":"https:\/\/cerenef.org\/?p=3566"},"modified":"2023-12-13T14:34:26","modified_gmt":"2023-12-13T13:34:26","slug":"les-neurofibromatoses","status":"publish","type":"post","link":"https:\/\/cerenef.org\/en\/les-neurofibromatoses\/","title":{"rendered":"Les neurofibromatoses \u00e0 Cr\u00e9teil"},"content":{"rendered":"<p><img fetchpriority=\"high\" decoding=\"async\" class=\"aligncenter wp-image-3571 size-medium\" title=\"Neurofibromatoses\" src=\"https:\/\/cerenef.org\/wp-content\/uploads\/2023\/12\/photo-neurofibromatose-300x200.png\" alt=\"Neurofibromatoses\" width=\"300\" height=\"200\" srcset=\"https:\/\/cerenef.org\/wp-content\/uploads\/2023\/12\/photo-neurofibromatose-300x200.png 300w, https:\/\/cerenef.org\/wp-content\/uploads\/2023\/12\/photo-neurofibromatose-1024x683.png 1024w, https:\/\/cerenef.org\/wp-content\/uploads\/2023\/12\/photo-neurofibromatose-768x512.png 768w, https:\/\/cerenef.org\/wp-content\/uploads\/2023\/12\/photo-neurofibromatose-18x12.png 18w, https:\/\/cerenef.org\/wp-content\/uploads\/2023\/12\/photo-neurofibromatose-930x620.png 930w, https:\/\/cerenef.org\/wp-content\/uploads\/2023\/12\/photo-neurofibromatose.png 1500w\" sizes=\"(max-width: 300px) 100vw, 300px\" \/><\/p>\n<p>CERENEF, <strong>le centre de r\u00e9f\u00e9rence des neurofibromatoses France<\/strong> vous informe sur :<\/p>\n<ul>\n<li><a href=\"https:\/\/cerenef.org\/en\/neurofibromatose-de-type-1\/\"><strong>Neurofibromatosis type 1<\/strong> (NF1) ou maladie de Von Recklinghausen<\/a>.<\/li>\n<li><a href=\"https:\/\/cerenef.org\/en\/neurofibromatose-de-type-2\/\"><strong>Neurofibromatosis type 2<\/strong> (NF2)<\/a>.<\/li>\n<li><a title=\"Schwannomatoses\" href=\"https:\/\/cerenef.org\/en\/schwannomatoses\/\">Schwannomatoses<\/a>.<\/li>\n<li><a title=\"Le syndrome de Legius et les formes mosa\u00efques dans les neurofibromatoses\" href=\"https:\/\/cerenef.org\/en\/formes-mosaiques-neurofibromatoses\/\">Le syndrome de Legius et les formes mosa\u00efques<\/a>.<\/li>\n<li><a title=\"Understand neurofibromatosis\" href=\"https:\/\/cerenef.org\/en\/comprendre-les-neurofibromatoses\/\">Understand <strong>les neurofibromatoses<\/strong><\/a>.<\/li>\n<li><a title=\"La g\u00e9n\u00e9tique dans les neurofibromatoses\" href=\"https:\/\/cerenef.org\/en\/genetique-neurofibromatoses\/\">La g\u00e9n\u00e9tique dans <\/a><strong><a href=\"https:\/\/cerenef.org\/en\/genetique-neurofibromatoses\/\">les neurofibromatoses<\/a>.<\/strong><\/li>\n<\/ul>\n<p><img decoding=\"async\" class=\"aligncenter wp-image-3573 size-medium\" title=\"Prise en charge des neurofibromatoses\" src=\"https:\/\/cerenef.org\/wp-content\/uploads\/2023\/12\/prise-en-charge-neurofibromatoses-300x200.jpg\" alt=\"Prise en charge des neurofibromatoses\" width=\"300\" height=\"200\" srcset=\"https:\/\/cerenef.org\/wp-content\/uploads\/2023\/12\/prise-en-charge-neurofibromatoses-300x200.jpg 300w, https:\/\/cerenef.org\/wp-content\/uploads\/2023\/12\/prise-en-charge-neurofibromatoses-1024x683.jpg 1024w, https:\/\/cerenef.org\/wp-content\/uploads\/2023\/12\/prise-en-charge-neurofibromatoses-768x512.jpg 768w, https:\/\/cerenef.org\/wp-content\/uploads\/2023\/12\/prise-en-charge-neurofibromatoses-18x12.jpg 18w, https:\/\/cerenef.org\/wp-content\/uploads\/2023\/12\/prise-en-charge-neurofibromatoses-930x620.jpg 930w, https:\/\/cerenef.org\/wp-content\/uploads\/2023\/12\/prise-en-charge-neurofibromatoses.jpg 1500w\" sizes=\"(max-width: 300px) 100vw, 300px\" \/><\/p>\n<p>CERENEF indique aux <strong>sp\u00e9cialistes de la neurofibromatose<\/strong> les diff\u00e9rents types de prise en charge :<\/p>\n<ul>\n<li><a title=\"Prise en charge des neurofibromatoses pour les professionnels de ville\" href=\"https:\/\/cerenef.org\/en\/prise-en-charge-nf1-en-ville\/\">Pour les professionnels de ville<\/a>.<\/li>\n<li><a title=\"Prise en charge des neurofibromatoses en milieu hospitalier\" href=\"https:\/\/cerenef.org\/en\/rcp-nf1\/\">Pour les professionnels hospitaliers<\/a>.<\/li>\n<li>Les documents pratiques, notamment <a href=\"https:\/\/cerenef.org\/en\/documents-pratiques-neurofibromatoses\/\">les PNDS sur la NF1 et la NF2<\/a>.<\/li>\n<\/ul>\n<p><img decoding=\"async\" class=\"aligncenter wp-image-3574 size-medium\" title=\"Prise en charge des patients par les sp\u00e9cialistes de la neurofibromatose\" src=\"https:\/\/cerenef.org\/wp-content\/uploads\/2023\/12\/patients-neurofibromatoses-300x200.jpg\" alt=\"Prise en charge des patients par les sp\u00e9cialistes de la neurofibromatose\" width=\"300\" height=\"200\" srcset=\"https:\/\/cerenef.org\/wp-content\/uploads\/2023\/12\/patients-neurofibromatoses-300x200.jpg 300w, https:\/\/cerenef.org\/wp-content\/uploads\/2023\/12\/patients-neurofibromatoses-1024x683.jpg 1024w, https:\/\/cerenef.org\/wp-content\/uploads\/2023\/12\/patients-neurofibromatoses-768x512.jpg 768w, https:\/\/cerenef.org\/wp-content\/uploads\/2023\/12\/patients-neurofibromatoses-18x12.jpg 18w, https:\/\/cerenef.org\/wp-content\/uploads\/2023\/12\/patients-neurofibromatoses-930x620.jpg 930w, https:\/\/cerenef.org\/wp-content\/uploads\/2023\/12\/patients-neurofibromatoses.jpg 1500w\" sizes=\"(max-width: 300px) 100vw, 300px\" \/><\/p>\n<p><strong>Vous \u00eates un patient atteint de neurofibromatose ?<\/strong> CERENEF vous permet de :<\/p>\n<ul>\n<li><a href=\"https:\/\/cerenef.org\/en\/prise-en-charge-neurofibromatose-de-type-1\/\">D&rsquo;\u00eatre pris en charge<\/a>.<\/li>\n<li><a title=\"Comprendre le conseil g\u00e9n\u00e9tique sur les neurofibromatoses\" href=\"https:\/\/cerenef.org\/en\/comprendre-le-conseil-genetique-neurofibromatose-de-type-1\/\">Referral Centre for Neurofibromatosis France<\/a>.<\/li>\n<li><a title=\"Rencontrer d'autres patients atteints de neurofibromatoses\" href=\"https:\/\/cerenef.org\/en\/associations-de-patients-neurofibromatoses\/\">Meet other patients<\/a>.<\/li>\n<li><a title=\"Participer \u00e0 un programme d'ETP sur les neurofibromatoses\" href=\"https:\/\/cerenef.org\/en\/education-therapeutique-neurofibromatoses\/\">Participate in a TPE program<\/a>.<\/li>\n<li><a title=\"Devenir un patient expert en neurofibromatose\" href=\"https:\/\/cerenef.org\/en\/devenir-patient-expert-neurofibromatose-type-1\/\">Devenir un patient expert<\/a>.<\/li>\n<\/ul>\n<p><img loading=\"lazy\" decoding=\"async\" class=\"aligncenter wp-image-3576 size-medium\" title=\"Trouver un centre pour la prise en charge des neurofibromatoses\" src=\"https:\/\/cerenef.org\/wp-content\/uploads\/2023\/12\/centres-neurofibromatoses-300x200.jpg\" alt=\"Trouver un centre pour la prise en charge des neurofibromatoses\" width=\"300\" height=\"200\" srcset=\"https:\/\/cerenef.org\/wp-content\/uploads\/2023\/12\/centres-neurofibromatoses-300x200.jpg 300w, https:\/\/cerenef.org\/wp-content\/uploads\/2023\/12\/centres-neurofibromatoses-1024x683.jpg 1024w, https:\/\/cerenef.org\/wp-content\/uploads\/2023\/12\/centres-neurofibromatoses-768x512.jpg 768w, https:\/\/cerenef.org\/wp-content\/uploads\/2023\/12\/centres-neurofibromatoses-18x12.jpg 18w, https:\/\/cerenef.org\/wp-content\/uploads\/2023\/12\/centres-neurofibromatoses-930x620.jpg 930w, https:\/\/cerenef.org\/wp-content\/uploads\/2023\/12\/centres-neurofibromatoses.jpg 1500w\" sizes=\"(max-width: 300px) 100vw, 300px\" \/><\/p>\n<p>Vous rechercher un centre de r\u00e9f\u00e9rence ou de comp\u00e9tences pour <strong>les neurofibromatoses<\/strong> ? CERENEF vous conseille :<\/p>\n<ul>\n<li><a href=\"https:\/\/cerenef.org\/en\/centres-de-reference-neurofibromatoses-enfants-et-adultes\/\">Les centres de r\u00e9f\u00e9rence (enfants et adultes)<\/a>.<\/li>\n<li><a href=\"https:\/\/cerenef.org\/en\/centres-de-competences-neurofibromatoses-enfants\/\">Competence centres (children)<\/a>.<\/li>\n<li><a href=\"https:\/\/cerenef.org\/en\/centres-de-competences-neurofibromatoses-enfants-et-adultes\/\">Competence centres (children and adults)<\/a>.<\/li>\n<li><a href=\"https:\/\/cerenef.org\/en\/carte-centres-neurofibromatoses\/\">La carte interactive des centres en fonction de votre localisation<\/a>.<\/li>\n<\/ul>","protected":false},"excerpt":{"rendered":"<p>CERENEF, le centre de r\u00e9f\u00e9rence des neurofibromatoses France vous informe sur : La neurofibromatose de type 1 (NF1) ou maladie de Von Recklinghausen. La neurofibromatose de type 2 (NF2). Les schwannomatoses. Le syndrome de Legius et les formes mosa\u00efques. Comprendre les neurofibromatoses. La g\u00e9n\u00e9tique dans les neurofibromatoses. CERENEF indique aux sp\u00e9cialistes de la neurofibromatose les&hellip;&nbsp;<\/p>\n<div class=\"read-more-wrapper\"><a href=\"https:\/\/cerenef.org\/en\/les-neurofibromatoses\/\" class=\"button button-secondary\" rel=\"bookmark\">\u279c Read more<span class=\"screen-reader-text\">Les neurofibromatoses \u00e0 Cr\u00e9teil<\/span><\/a><\/div>","protected":false},"author":1,"featured_media":3579,"comment_status":"closed","ping_status":"closed","sticky":false,"template":"","format":"standard","meta":{"neve_meta_sidebar":"","neve_meta_container":"","neve_meta_enable_content_width":"off","neve_meta_content_width":70,"neve_meta_title_alignment":"","neve_meta_author_avatar":"","neve_post_elements_order":"","neve_meta_disable_header":"","neve_meta_disable_footer":"","neve_meta_disable_title":"","neve_meta_reading_time":"","footnotes":""},"categories":[17],"tags":[],"class_list":["post-3566","post","type-post","status-publish","format-standard","has-post-thumbnail","hentry","category-les-neurofibromatoses"],"_links":{"self":[{"href":"https:\/\/cerenef.org\/en\/wp-json\/wp\/v2\/posts\/3566","targetHints":{"allow":["GET"]}}],"collection":[{"href":"https:\/\/cerenef.org\/en\/wp-json\/wp\/v2\/posts"}],"about":[{"href":"https:\/\/cerenef.org\/en\/wp-json\/wp\/v2\/types\/post"}],"author":[{"embeddable":true,"href":"https:\/\/cerenef.org\/en\/wp-json\/wp\/v2\/users\/1"}],"replies":[{"embeddable":true,"href":"https:\/\/cerenef.org\/en\/wp-json\/wp\/v2\/comments?post=3566"}],"version-history":[{"count":0,"href":"https:\/\/cerenef.org\/en\/wp-json\/wp\/v2\/posts\/3566\/revisions"}],"wp:featuredmedia":[{"embeddable":true,"href":"https:\/\/cerenef.org\/en\/wp-json\/wp\/v2\/media\/3579"}],"wp:attachment":[{"href":"https:\/\/cerenef.org\/en\/wp-json\/wp\/v2\/media?parent=3566"}],"wp:term":[{"taxonomy":"category","embeddable":true,"href":"https:\/\/cerenef.org\/en\/wp-json\/wp\/v2\/categories?post=3566"},{"taxonomy":"post_tag","embeddable":true,"href":"https:\/\/cerenef.org\/en\/wp-json\/wp\/v2\/tags?post=3566"}],"curies":[{"name":"wp","href":"https:\/\/api.w.org\/{rel}","templated":true}]}}