{"id":4011,"date":"2025-03-11T13:43:35","date_gmt":"2025-03-11T12:43:35","guid":{"rendered":"https:\/\/cerenef.org\/?p=4011"},"modified":"2025-05-20T16:49:07","modified_gmt":"2025-05-20T14:49:07","slug":"retour-sur","status":"publish","type":"post","link":"https:\/\/cerenef.org\/en\/retour-sur\/","title":{"rendered":"Retour sur&#8230;"},"content":{"rendered":"<div data-elementor-type=\"wp-post\" data-elementor-id=\"4011\" class=\"elementor elementor-4011\">\n\t\t\t\t\t\t<section class=\"elementor-section elementor-top-section elementor-element elementor-element-d85134d elementor-section-boxed elementor-section-height-default elementor-section-height-default\" data-id=\"d85134d\" data-element_type=\"section\" data-e-type=\"section\">\n\t\t\t\t\t\t<div class=\"elementor-container elementor-column-gap-default\">\n\t\t\t\t\t<div class=\"elementor-column elementor-col-100 elementor-top-column elementor-element elementor-element-a1d851a\" data-id=\"a1d851a\" data-element_type=\"column\" data-e-type=\"column\">\n\t\t\t<div class=\"elementor-widget-wrap elementor-element-populated\">\n\t\t\t\t\t\t<div class=\"elementor-element elementor-element-9aaab88 elementor-widget elementor-widget-text-editor\" data-id=\"9aaab88\" data-element_type=\"widget\" data-e-type=\"widget\" data-widget_type=\"text-editor.default\">\n\t\t\t\t<div class=\"elementor-widget-container\">\n\t\t\t\t\t\t\t\t\t<h2><strong>ENFG Day - Friday, April 04, 2025<\/strong><\/h2><p>On April 4, 2025, the ENFG Day brought together clinical experts, researchers, patients, and their representatives at the Maison de la Dermatologie in Paris. This event helped strengthen European ties and opened the door to future collaborations.<\/p>\t\t\t\t\t\t\t\t<\/div>\n\t\t\t\t<\/div>\n\t\t\t\t\t<\/div>\n\t\t<\/div>\n\t\t\t\t\t<\/div>\n\t\t<\/section>\n\t\t\t\t<section class=\"elementor-section elementor-top-section elementor-element elementor-element-d43e27f elementor-section-boxed elementor-section-height-default elementor-section-height-default\" data-id=\"d43e27f\" data-element_type=\"section\" data-e-type=\"section\">\n\t\t\t\t\t\t<div class=\"elementor-container elementor-column-gap-default\">\n\t\t\t\t\t<div class=\"elementor-column elementor-col-100 elementor-top-column elementor-element elementor-element-e7e5539\" data-id=\"e7e5539\" data-element_type=\"column\" data-e-type=\"column\">\n\t\t\t<div class=\"elementor-widget-wrap elementor-element-populated\">\n\t\t\t\t\t\t<div class=\"elementor-element elementor-element-0aac62a gallery-spacing-custom elementor-widget elementor-widget-image-gallery\" data-id=\"0aac62a\" data-element_type=\"widget\" data-e-type=\"widget\" data-widget_type=\"image-gallery.default\">\n\t\t\t\t<div class=\"elementor-widget-container\">\n\t\t\t\t\t\t\t<div class=\"elementor-image-gallery\">\n\t\t\t<div id='gallery-1' class='gallery galleryid-4011 gallery-columns-6 gallery-size-thumbnail'><dl class='gallery-item'>\n\t\t\t<dt class='gallery-icon portrait'>\n\t\t\t\t<a data-elementor-open-lightbox=\"yes\" data-elementor-lightbox-slideshow=\"0aac62a\" data-elementor-lightbox-title=\"ourn\u00e9e ENFG\" data-e-action-hash=\"#elementor-action%3Aaction%3Dlightbox%26settings%3DeyJpZCI6NDAyOCwidXJsIjoiaHR0cHM6XC9cL2NlcmVuZWYub3JnXC93cC1jb250ZW50XC91cGxvYWRzXC8yMDI1XC8wNFwvSm91cm5lZS1FTkZHLTAtbWluLnBuZyIsInNsaWRlc2hvdyI6IjBhYWM2MmEifQ%3D%3D\" href='https:\/\/cerenef.org\/wp-content\/uploads\/2025\/04\/Journee-ENFG-0-min.png'><img decoding=\"async\" width=\"150\" height=\"150\" src=\"https:\/\/cerenef.org\/wp-content\/uploads\/2025\/04\/Journee-ENFG-0-min-150x150.png\" class=\"attachment-thumbnail size-thumbnail\" alt=\"Journ\u00e9e ENFG\" srcset=\"https:\/\/cerenef.org\/wp-content\/uploads\/2025\/04\/Journee-ENFG-0-min-150x150.png 150w, https:\/\/cerenef.org\/wp-content\/uploads\/2025\/04\/Journee-ENFG-0-min-11x12.png 11w\" sizes=\"(max-width: 150px) 100vw, 150px\" \/><\/a>\n\t\t\t<\/dt><\/dl><dl class='gallery-item'>\n\t\t\t<dt class='gallery-icon landscape'>\n\t\t\t\t<a data-elementor-open-lightbox=\"yes\" data-elementor-lightbox-slideshow=\"0aac62a\" data-elementor-lightbox-title=\"Journ\u00e9e ENFG\" data-e-action-hash=\"#elementor-action%3Aaction%3Dlightbox%26settings%3DeyJpZCI6NDAyOSwidXJsIjoiaHR0cHM6XC9cL2NlcmVuZWYub3JnXC93cC1jb250ZW50XC91cGxvYWRzXC8yMDI1XC8wNFwvSm91cm5lZS1FTkZHLTEtbWluLXNjYWxlZC5qcGciLCJzbGlkZXNob3ciOiIwYWFjNjJhIn0%3D\" href='https:\/\/cerenef.org\/wp-content\/uploads\/2025\/04\/Journee-ENFG-1-min-scaled.jpg'><img decoding=\"async\" width=\"150\" height=\"150\" src=\"https:\/\/cerenef.org\/wp-content\/uploads\/2025\/04\/Journee-ENFG-1-min-150x150.jpg\" class=\"attachment-thumbnail size-thumbnail\" alt=\"Journ\u00e9e ENFG\" \/><\/a>\n\t\t\t<\/dt><\/dl><dl class='gallery-item'>\n\t\t\t<dt class='gallery-icon landscape'>\n\t\t\t\t<a data-elementor-open-lightbox=\"yes\" data-elementor-lightbox-slideshow=\"0aac62a\" data-elementor-lightbox-title=\"Journ\u00e9e ENFG\" data-e-action-hash=\"#elementor-action%3Aaction%3Dlightbox%26settings%3DeyJpZCI6NDAzMCwidXJsIjoiaHR0cHM6XC9cL2NlcmVuZWYub3JnXC93cC1jb250ZW50XC91cGxvYWRzXC8yMDI1XC8wNFwvSm91cm5lZS1FTkZHLTItbWluLXNjYWxlZC5qcGciLCJzbGlkZXNob3ciOiIwYWFjNjJhIn0%3D\" href='https:\/\/cerenef.org\/wp-content\/uploads\/2025\/04\/Journee-ENFG-2-min-scaled.jpg'><img decoding=\"async\" width=\"150\" height=\"150\" src=\"https:\/\/cerenef.org\/wp-content\/uploads\/2025\/04\/Journee-ENFG-2-min-150x150.jpg\" class=\"attachment-thumbnail size-thumbnail\" alt=\"Journ\u00e9e ENFG\" \/><\/a>\n\t\t\t<\/dt><\/dl><dl class='gallery-item'>\n\t\t\t<dt class='gallery-icon landscape'>\n\t\t\t\t<a data-elementor-open-lightbox=\"yes\" data-elementor-lightbox-slideshow=\"0aac62a\" data-elementor-lightbox-title=\"Journ\u00e9e ENFG\" data-e-action-hash=\"#elementor-action%3Aaction%3Dlightbox%26settings%3DeyJpZCI6NDAzMSwidXJsIjoiaHR0cHM6XC9cL2NlcmVuZWYub3JnXC93cC1jb250ZW50XC91cGxvYWRzXC8yMDI1XC8wNFwvSm91cm5lZS1FTkZHLTMtbWluLXNjYWxlZC5qcGciLCJzbGlkZXNob3ciOiIwYWFjNjJhIn0%3D\" href='https:\/\/cerenef.org\/wp-content\/uploads\/2025\/04\/Journee-ENFG-3-min-scaled.jpg'><img loading=\"lazy\" decoding=\"async\" width=\"150\" height=\"150\" src=\"https:\/\/cerenef.org\/wp-content\/uploads\/2025\/04\/Journee-ENFG-3-min-150x150.jpg\" class=\"attachment-thumbnail size-thumbnail\" alt=\"Journ\u00e9e ENFG\" \/><\/a>\n\t\t\t<\/dt><\/dl><dl class='gallery-item'>\n\t\t\t<dt class='gallery-icon landscape'>\n\t\t\t\t<a data-elementor-open-lightbox=\"yes\" data-elementor-lightbox-slideshow=\"0aac62a\" data-elementor-lightbox-title=\"Journ\u00e9e ENFG\" data-e-action-hash=\"#elementor-action%3Aaction%3Dlightbox%26settings%3DeyJpZCI6NDAzMiwidXJsIjoiaHR0cHM6XC9cL2NlcmVuZWYub3JnXC93cC1jb250ZW50XC91cGxvYWRzXC8yMDI1XC8wNFwvSm91cm5lZS1FTkZHLTQtbWluLXNjYWxlZC5qcGciLCJzbGlkZXNob3ciOiIwYWFjNjJhIn0%3D\" href='https:\/\/cerenef.org\/wp-content\/uploads\/2025\/04\/Journee-ENFG-4-min-scaled.jpg'><img loading=\"lazy\" decoding=\"async\" width=\"150\" height=\"150\" src=\"https:\/\/cerenef.org\/wp-content\/uploads\/2025\/04\/Journee-ENFG-4-min-150x150.jpg\" class=\"attachment-thumbnail size-thumbnail\" alt=\"Journ\u00e9e ENFG\" srcset=\"https:\/\/cerenef.org\/wp-content\/uploads\/2025\/04\/Journee-ENFG-4-min-150x150.jpg 150w, https:\/\/cerenef.org\/wp-content\/uploads\/2025\/04\/Journee-ENFG-4-min-13x12.jpg 13w\" sizes=\"(max-width: 150px) 100vw, 150px\" \/><\/a>\n\t\t\t<\/dt><\/dl><dl class='gallery-item'>\n\t\t\t<dt class='gallery-icon landscape'>\n\t\t\t\t<a data-elementor-open-lightbox=\"yes\" data-elementor-lightbox-slideshow=\"0aac62a\" data-elementor-lightbox-title=\"Journ\u00e9e ENFG\" data-e-action-hash=\"#elementor-action%3Aaction%3Dlightbox%26settings%3DeyJpZCI6NDAzMywidXJsIjoiaHR0cHM6XC9cL2NlcmVuZWYub3JnXC93cC1jb250ZW50XC91cGxvYWRzXC8yMDI1XC8wNFwvSm91cm5lZS1FTkZHLTUtbWluLXNjYWxlZC5qcGciLCJzbGlkZXNob3ciOiIwYWFjNjJhIn0%3D\" href='https:\/\/cerenef.org\/wp-content\/uploads\/2025\/04\/Journee-ENFG-5-min-scaled.jpg'><img loading=\"lazy\" decoding=\"async\" width=\"150\" height=\"150\" src=\"https:\/\/cerenef.org\/wp-content\/uploads\/2025\/04\/Journee-ENFG-5-min-150x150.jpg\" class=\"attachment-thumbnail size-thumbnail\" alt=\"Journ\u00e9e ENFG\" \/><\/a>\n\t\t\t<\/dt><\/dl><br style=\"clear: both\" \/>\n\t\t<\/div>\n\t\t<\/div>\n\t\t\t\t\t\t<\/div>\n\t\t\t\t<\/div>\n\t\t\t\t\t<\/div>\n\t\t<\/div>\n\t\t\t\t\t<\/div>\n\t\t<\/section>\n\t\t\t\t<section class=\"elementor-section elementor-top-section elementor-element elementor-element-f943e60 elementor-section-boxed elementor-section-height-default elementor-section-height-default\" data-id=\"f943e60\" data-element_type=\"section\" data-e-type=\"section\">\n\t\t\t\t\t\t<div class=\"elementor-container elementor-column-gap-default\">\n\t\t\t\t\t<div class=\"elementor-column elementor-col-100 elementor-top-column elementor-element elementor-element-a4a85cc\" data-id=\"a4a85cc\" data-element_type=\"column\" data-e-type=\"column\">\n\t\t\t<div class=\"elementor-widget-wrap elementor-element-populated\">\n\t\t\t\t\t\t<div class=\"elementor-element elementor-element-ad0bd16 elementor-widget elementor-widget-text-editor\" data-id=\"ad0bd16\" data-element_type=\"widget\" data-e-type=\"widget\" data-widget_type=\"text-editor.default\">\n\t\t\t\t<div class=\"elementor-widget-container\">\n\t\t\t\t\t\t\t\t\t<h2><strong>CERENEF Center Day - Friday, February 07, 2025<\/strong><\/h2><p>The coordinator, constitutive and competence centers in France gathered in Paris, at the Maison de la Dermatologie, on February 07 to address several issues of importance to CERENEF, such as the organization of the national RCP, the role of molecular analysis tools, the management of the main complications of children and adults with NF1, and more broadly the organization of care on a national level.\n\nTranslated with DeepL.com (free version)<\/p>\t\t\t\t\t\t\t\t<\/div>\n\t\t\t\t<\/div>\n\t\t\t\t\t<\/div>\n\t\t<\/div>\n\t\t\t\t\t<\/div>\n\t\t<\/section>\n\t\t\t\t<section class=\"elementor-section elementor-top-section elementor-element elementor-element-5b83b80 elementor-section-boxed elementor-section-height-default elementor-section-height-default\" data-id=\"5b83b80\" data-element_type=\"section\" data-e-type=\"section\">\n\t\t\t\t\t\t<div class=\"elementor-container elementor-column-gap-default\">\n\t\t\t\t\t<div class=\"elementor-column elementor-col-100 elementor-top-column elementor-element elementor-element-9990fde\" data-id=\"9990fde\" data-element_type=\"column\" data-e-type=\"column\">\n\t\t\t<div class=\"elementor-widget-wrap elementor-element-populated\">\n\t\t\t\t\t\t<div class=\"elementor-element elementor-element-6628bf5 gallery-spacing-custom elementor-widget elementor-widget-image-gallery\" data-id=\"6628bf5\" data-element_type=\"widget\" data-e-type=\"widget\" data-widget_type=\"image-gallery.default\">\n\t\t\t\t<div class=\"elementor-widget-container\">\n\t\t\t\t\t\t\t<div class=\"elementor-image-gallery\">\n\t\t\t<div id='gallery-2' class='gallery galleryid-4011 gallery-columns-6 gallery-size-thumbnail'><dl class='gallery-item'>\n\t\t\t<dt class='gallery-icon landscape'>\n\t\t\t\t<a data-elementor-open-lightbox=\"yes\" data-elementor-lightbox-slideshow=\"6628bf5\" data-elementor-lightbox-title=\"Pierre Wolkenstein\" data-e-action-hash=\"#elementor-action%3Aaction%3Dlightbox%26settings%3DeyJpZCI6Mzk4OCwidXJsIjoiaHR0cHM6XC9cL2NlcmVuZWYub3JnXC93cC1jb250ZW50XC91cGxvYWRzXC8yMDI1XC8wM1wvUFctMDctMDItMjUuanBnIiwic2xpZGVzaG93IjoiNjYyOGJmNSJ9\" href='https:\/\/cerenef.org\/wp-content\/uploads\/2025\/03\/PW-07-02-25.jpg'><img loading=\"lazy\" decoding=\"async\" width=\"150\" height=\"150\" src=\"https:\/\/cerenef.org\/wp-content\/uploads\/2025\/03\/PW-07-02-25-150x150.jpg\" class=\"attachment-thumbnail size-thumbnail\" alt=\"Intervention Pierre Wolkenstein\" \/><\/a>\n\t\t\t<\/dt><\/dl><dl class='gallery-item'>\n\t\t\t<dt class='gallery-icon landscape'>\n\t\t\t\t<a data-elementor-open-lightbox=\"yes\" data-elementor-lightbox-slideshow=\"6628bf5\" data-elementor-lightbox-title=\"Intervention Laura Fertitta\" data-e-action-hash=\"#elementor-action%3Aaction%3Dlightbox%26settings%3DeyJpZCI6Mzk3OCwidXJsIjoiaHR0cHM6XC9cL2NlcmVuZWYub3JnXC93cC1jb250ZW50XC91cGxvYWRzXC8yMDI1XC8wM1wvTGF1cmEtMDctMDItMjUuanBnIiwic2xpZGVzaG93IjoiNjYyOGJmNSJ9\" href='https:\/\/cerenef.org\/wp-content\/uploads\/2025\/03\/Laura-07-02-25.jpg'><img loading=\"lazy\" decoding=\"async\" width=\"150\" height=\"150\" src=\"https:\/\/cerenef.org\/wp-content\/uploads\/2025\/03\/Laura-07-02-25-150x150.jpg\" class=\"attachment-thumbnail size-thumbnail\" alt=\"Intervention Laura Fertitta\" \/><\/a>\n\t\t\t<\/dt><\/dl><dl class='gallery-item'>\n\t\t\t<dt class='gallery-icon portrait'>\n\t\t\t\t<a data-elementor-open-lightbox=\"yes\" data-elementor-lightbox-slideshow=\"6628bf5\" data-elementor-lightbox-title=\"Interventions Arnaud Jannic et Isabelle Aerts\" data-e-action-hash=\"#elementor-action%3Aaction%3Dlightbox%26settings%3DeyJpZCI6Mzk3MywidXJsIjoiaHR0cHM6XC9cL2NlcmVuZWYub3JnXC93cC1jb250ZW50XC91cGxvYWRzXC8yMDI1XC8wM1wvQS1KYW5uaWMtSS1BZXJ0cy0wNy0wMi0yNS5qcGciLCJzbGlkZXNob3ciOiI2NjI4YmY1In0%3D\" href='https:\/\/cerenef.org\/wp-content\/uploads\/2025\/03\/A-Jannic-I-Aerts-07-02-25.jpg'><img loading=\"lazy\" decoding=\"async\" width=\"150\" height=\"150\" src=\"https:\/\/cerenef.org\/wp-content\/uploads\/2025\/03\/A-Jannic-I-Aerts-07-02-25-150x150.jpg\" class=\"attachment-thumbnail size-thumbnail\" alt=\"Interventions Arnaud Jannic et Isabelle Aerts\" \/><\/a>\n\t\t\t<\/dt><\/dl><dl class='gallery-item'>\n\t\t\t<dt class='gallery-icon portrait'>\n\t\t\t\t<a data-elementor-open-lightbox=\"yes\" data-elementor-lightbox-slideshow=\"6628bf5\" data-elementor-lightbox-title=\"Intervention Piotr Topilko\" data-e-action-hash=\"#elementor-action%3Aaction%3Dlightbox%26settings%3DeyJpZCI6Mzk4MiwidXJsIjoiaHR0cHM6XC9cL2NlcmVuZWYub3JnXC93cC1jb250ZW50XC91cGxvYWRzXC8yMDI1XC8wM1wvUC1Ub3BpbGtvLTA3LTAyLTI1LmpwZyIsInNsaWRlc2hvdyI6IjY2MjhiZjUifQ%3D%3D\" href='https:\/\/cerenef.org\/wp-content\/uploads\/2025\/03\/P-Topilko-07-02-25.jpg'><img loading=\"lazy\" decoding=\"async\" width=\"150\" height=\"150\" src=\"https:\/\/cerenef.org\/wp-content\/uploads\/2025\/03\/P-Topilko-07-02-25-150x150.jpg\" class=\"attachment-thumbnail size-thumbnail\" alt=\"Intervention Piotr Topilko\" \/><\/a>\n\t\t\t<\/dt><\/dl><dl class='gallery-item'>\n\t\t\t<dt class='gallery-icon portrait'>\n\t\t\t\t<a data-elementor-open-lightbox=\"yes\" data-elementor-lightbox-slideshow=\"6628bf5\" data-elementor-lightbox-title=\"Intervention Jean-Michel Dubois, association OSE\" data-e-action-hash=\"#elementor-action%3Aaction%3Dlightbox%26settings%3DeyJpZCI6Mzk3NywidXJsIjoiaHR0cHM6XC9cL2NlcmVuZWYub3JnXC93cC1jb250ZW50XC91cGxvYWRzXC8yMDI1XC8wM1wvSk0tRHVib2lzLTA3LTAyLTI1LmpwZyIsInNsaWRlc2hvdyI6IjY2MjhiZjUifQ%3D%3D\" href='https:\/\/cerenef.org\/wp-content\/uploads\/2025\/03\/JM-Dubois-07-02-25.jpg'><img loading=\"lazy\" decoding=\"async\" width=\"150\" height=\"150\" src=\"https:\/\/cerenef.org\/wp-content\/uploads\/2025\/03\/JM-Dubois-07-02-25-150x150.jpg\" class=\"attachment-thumbnail size-thumbnail\" alt=\"Intervention Jean-Michel Dubois, association OSE\" \/><\/a>\n\t\t\t<\/dt><\/dl><dl class='gallery-item'>\n\t\t\t<dt class='gallery-icon landscape'>\n\t\t\t\t<a data-elementor-open-lightbox=\"yes\" data-elementor-lightbox-slideshow=\"6628bf5\" data-elementor-lightbox-title=\"\u00c9quipe Robert Debr\u00e9\" data-e-action-hash=\"#elementor-action%3Aaction%3Dlightbox%26settings%3DeyJpZCI6Mzk4OSwidXJsIjoiaHR0cHM6XC9cL2NlcmVuZWYub3JnXC93cC1jb250ZW50XC91cGxvYWRzXC8yMDI1XC8wM1wvUi1EZWJyZS0wNy0wMi0yNS5qcGciLCJzbGlkZXNob3ciOiI2NjI4YmY1In0%3D\" href='https:\/\/cerenef.org\/wp-content\/uploads\/2025\/03\/R-Debre-07-02-25.jpg'><img loading=\"lazy\" decoding=\"async\" width=\"150\" height=\"150\" src=\"https:\/\/cerenef.org\/wp-content\/uploads\/2025\/03\/R-Debre-07-02-25-150x150.jpg\" class=\"attachment-thumbnail size-thumbnail\" alt=\"\u00c9quipe Robert Debr\u00e9\" \/><\/a>\n\t\t\t<\/dt><\/dl><br style=\"clear: both\" \/><dl class='gallery-item'>\n\t\t\t<dt class='gallery-icon landscape'>\n\t\t\t\t<a data-elementor-open-lightbox=\"yes\" data-elementor-lightbox-slideshow=\"6628bf5\" data-elementor-lightbox-title=\"\u00c9quipe Toulouse\" data-e-action-hash=\"#elementor-action%3Aaction%3Dlightbox%26settings%3DeyJpZCI6Mzk4NywidXJsIjoiaHR0cHM6XC9cL2NlcmVuZWYub3JnXC93cC1jb250ZW50XC91cGxvYWRzXC8yMDI1XC8wM1wvcGhvdG8tZXF1aXBlLVRvdWxvdXNlLTA3LTAyLTI1LmpwZyIsInNsaWRlc2hvdyI6IjY2MjhiZjUifQ%3D%3D\" href='https:\/\/cerenef.org\/wp-content\/uploads\/2025\/03\/photo-equipe-Toulouse-07-02-25.jpg'><img loading=\"lazy\" decoding=\"async\" width=\"150\" height=\"150\" src=\"https:\/\/cerenef.org\/wp-content\/uploads\/2025\/03\/photo-equipe-Toulouse-07-02-25-150x150.jpg\" class=\"attachment-thumbnail size-thumbnail\" alt=\"\u00c9quipe Toulouse\" \/><\/a>\n\t\t\t<\/dt><\/dl><dl class='gallery-item'>\n\t\t\t<dt class='gallery-icon portrait'>\n\t\t\t\t<a data-elementor-open-lightbox=\"yes\" data-elementor-lightbox-slideshow=\"6628bf5\" data-elementor-lightbox-title=\"\u00c9quipe N\u00eemes\" data-e-action-hash=\"#elementor-action%3Aaction%3Dlightbox%26settings%3DeyJpZCI6Mzk4NiwidXJsIjoiaHR0cHM6XC9cL2NlcmVuZWYub3JnXC93cC1jb250ZW50XC91cGxvYWRzXC8yMDI1XC8wM1wvcGhvdG8tZXF1aXBlLU5pbWVzLTA3LTAyLTI1LmpwZyIsInNsaWRlc2hvdyI6IjY2MjhiZjUifQ%3D%3D\" href='https:\/\/cerenef.org\/wp-content\/uploads\/2025\/03\/photo-equipe-Nimes-07-02-25.jpg'><img loading=\"lazy\" decoding=\"async\" width=\"150\" height=\"150\" src=\"https:\/\/cerenef.org\/wp-content\/uploads\/2025\/03\/photo-equipe-Nimes-07-02-25-150x150.jpg\" class=\"attachment-thumbnail size-thumbnail\" alt=\"\u00c9quipe N\u00eemes\" \/><\/a>\n\t\t\t<\/dt><\/dl><dl class='gallery-item'>\n\t\t\t<dt class='gallery-icon landscape'>\n\t\t\t\t<a data-elementor-open-lightbox=\"yes\" data-elementor-lightbox-slideshow=\"6628bf5\" data-elementor-lightbox-title=\"\u00c9quipe Nantes\" data-e-action-hash=\"#elementor-action%3Aaction%3Dlightbox%26settings%3DeyJpZCI6Mzk4NSwidXJsIjoiaHR0cHM6XC9cL2NlcmVuZWYub3JnXC93cC1jb250ZW50XC91cGxvYWRzXC8yMDI1XC8wM1wvUGhvdG8tZXF1aXBlLU5hbnRlcy0wNy0wMi0yNS5qcGciLCJzbGlkZXNob3ciOiI2NjI4YmY1In0%3D\" href='https:\/\/cerenef.org\/wp-content\/uploads\/2025\/03\/Photo-equipe-Nantes-07-02-25.jpg'><img loading=\"lazy\" decoding=\"async\" width=\"150\" height=\"150\" src=\"https:\/\/cerenef.org\/wp-content\/uploads\/2025\/03\/Photo-equipe-Nantes-07-02-25-150x150.jpg\" class=\"attachment-thumbnail size-thumbnail\" alt=\"\u00c9quipe Nantes\" \/><\/a>\n\t\t\t<\/dt><\/dl><dl class='gallery-item'>\n\t\t\t<dt class='gallery-icon landscape'>\n\t\t\t\t<a data-elementor-open-lightbox=\"yes\" data-elementor-lightbox-slideshow=\"6628bf5\" data-elementor-lightbox-title=\"\u00c9quipe Angers\" data-e-action-hash=\"#elementor-action%3Aaction%3Dlightbox%26settings%3DeyJpZCI6Mzk4NCwidXJsIjoiaHR0cHM6XC9cL2NlcmVuZWYub3JnXC93cC1jb250ZW50XC91cGxvYWRzXC8yMDI1XC8wM1wvUGhvdG8tZXF1aXBlLUFuZ2Vycy0wNy0wMi0yNS5qcGciLCJzbGlkZXNob3ciOiI2NjI4YmY1In0%3D\" href='https:\/\/cerenef.org\/wp-content\/uploads\/2025\/03\/Photo-equipe-Angers-07-02-25.jpg'><img loading=\"lazy\" decoding=\"async\" width=\"150\" height=\"150\" src=\"https:\/\/cerenef.org\/wp-content\/uploads\/2025\/03\/Photo-equipe-Angers-07-02-25-150x150.jpg\" class=\"attachment-thumbnail size-thumbnail\" alt=\"\u00c9quipe Angers\" \/><\/a>\n\t\t\t<\/dt><\/dl><dl class='gallery-item'>\n\t\t\t<dt class='gallery-icon landscape'>\n\t\t\t\t<a data-elementor-open-lightbox=\"yes\" data-elementor-lightbox-slideshow=\"6628bf5\" data-elementor-lightbox-title=\"Photo d&#039;ensemble\" data-e-action-hash=\"#elementor-action%3Aaction%3Dlightbox%26settings%3DeyJpZCI6Mzk4MywidXJsIjoiaHR0cHM6XC9cL2NlcmVuZWYub3JnXC93cC1jb250ZW50XC91cGxvYWRzXC8yMDI1XC8wM1wvcGhvdG8tZGVuc2VtYmxlLTA3LTAyLTI1LmpwZyIsInNsaWRlc2hvdyI6IjY2MjhiZjUifQ%3D%3D\" href='https:\/\/cerenef.org\/wp-content\/uploads\/2025\/03\/photo-densemble-07-02-25.jpg'><img loading=\"lazy\" decoding=\"async\" width=\"150\" height=\"150\" src=\"https:\/\/cerenef.org\/wp-content\/uploads\/2025\/03\/photo-densemble-07-02-25-150x150.jpg\" class=\"attachment-thumbnail size-thumbnail\" alt=\"Photo d&#039;ensemble\" \/><\/a>\n\t\t\t<\/dt><\/dl><dl class='gallery-item'>\n\t\t\t<dt class='gallery-icon landscape'>\n\t\t\t\t<a data-elementor-open-lightbox=\"yes\" data-elementor-lightbox-slideshow=\"6628bf5\" data-elementor-lightbox-title=\"Piotr Topilko et Jean-Marc Dubois\" data-e-action-hash=\"#elementor-action%3Aaction%3Dlightbox%26settings%3DeyJpZCI6Mzk4MSwidXJsIjoiaHR0cHM6XC9cL2NlcmVuZWYub3JnXC93cC1jb250ZW50XC91cGxvYWRzXC8yMDI1XC8wM1wvUC1Ub3BpbGtvLUpNLUR1Ym9pcy0wNy0wMi0yNS5qcGciLCJzbGlkZXNob3ciOiI2NjI4YmY1In0%3D\" href='https:\/\/cerenef.org\/wp-content\/uploads\/2025\/03\/P-Topilko-JM-Dubois-07-02-25.jpg'><img loading=\"lazy\" decoding=\"async\" width=\"150\" height=\"150\" src=\"https:\/\/cerenef.org\/wp-content\/uploads\/2025\/03\/P-Topilko-JM-Dubois-07-02-25-150x150.jpg\" class=\"attachment-thumbnail size-thumbnail\" alt=\"Piotr Topilko et Jean-Marc Dubois\" \/><\/a>\n\t\t\t<\/dt><\/dl><br style=\"clear: both\" \/><dl class='gallery-item'>\n\t\t\t<dt class='gallery-icon landscape'>\n\t\t\t\t<a data-elementor-open-lightbox=\"yes\" data-elementor-lightbox-slideshow=\"6628bf5\" data-elementor-lightbox-title=\"Marie-Laure Armand + \u00c9quipe Lyon\" data-e-action-hash=\"#elementor-action%3Aaction%3Dlightbox%26settings%3DeyJpZCI6Mzk4MCwidXJsIjoiaHR0cHM6XC9cL2NlcmVuZWYub3JnXC93cC1jb250ZW50XC91cGxvYWRzXC8yMDI1XC8wM1wvTUwtQXJtYW5kLUx5b24tMDctMDItMjUuanBnIiwic2xpZGVzaG93IjoiNjYyOGJmNSJ9\" href='https:\/\/cerenef.org\/wp-content\/uploads\/2025\/03\/ML-Armand-Lyon-07-02-25.jpg'><img loading=\"lazy\" decoding=\"async\" width=\"150\" height=\"150\" src=\"https:\/\/cerenef.org\/wp-content\/uploads\/2025\/03\/ML-Armand-Lyon-07-02-25-150x150.jpg\" class=\"attachment-thumbnail size-thumbnail\" alt=\"Marie-Laure Armand + \u00c9quipe Lyon\" \/><\/a>\n\t\t\t<\/dt><\/dl><dl class='gallery-item'>\n\t\t\t<dt class='gallery-icon landscape'>\n\t\t\t\t<a data-elementor-open-lightbox=\"yes\" data-elementor-lightbox-slideshow=\"6628bf5\" data-elementor-lightbox-title=\"Marie-Laure Armand + \u00e9quipe g\u00e9n\u00e9tique\" data-e-action-hash=\"#elementor-action%3Aaction%3Dlightbox%26settings%3DeyJpZCI6Mzk3OSwidXJsIjoiaHR0cHM6XC9cL2NlcmVuZWYub3JnXC93cC1jb250ZW50XC91cGxvYWRzXC8yMDI1XC8wM1wvTUwtQXJtYW5kLWdlbmV0aXF1ZS0wNy0wMi0yNS5qcGciLCJzbGlkZXNob3ciOiI2NjI4YmY1In0%3D\" href='https:\/\/cerenef.org\/wp-content\/uploads\/2025\/03\/ML-Armand-genetique-07-02-25.jpg'><img loading=\"lazy\" decoding=\"async\" width=\"150\" height=\"150\" src=\"https:\/\/cerenef.org\/wp-content\/uploads\/2025\/03\/ML-Armand-genetique-07-02-25-150x150.jpg\" class=\"attachment-thumbnail size-thumbnail\" alt=\"Marie-Laure Armand + \u00e9quipe g\u00e9n\u00e9tique\" \/><\/a>\n\t\t\t<\/dt><\/dl><dl class='gallery-item'>\n\t\t\t<dt class='gallery-icon landscape'>\n\t\t\t\t<a data-elementor-open-lightbox=\"yes\" data-elementor-lightbox-slideshow=\"6628bf5\" data-elementor-lightbox-title=\"Laura Fertitta + \u00e9quipe Lyon\" data-e-action-hash=\"#elementor-action%3Aaction%3Dlightbox%26settings%3DeyJpZCI6Mzk3NiwidXJsIjoiaHR0cHM6XC9cL2NlcmVuZWYub3JnXC93cC1jb250ZW50XC91cGxvYWRzXC8yMDI1XC8wM1wvZXF1aXBlLUx5b24tTGF1cmEtMDctMDItMjUuanBnIiwic2xpZGVzaG93IjoiNjYyOGJmNSJ9\" href='https:\/\/cerenef.org\/wp-content\/uploads\/2025\/03\/equipe-Lyon-Laura-07-02-25.jpg'><img loading=\"lazy\" decoding=\"async\" width=\"150\" height=\"150\" src=\"https:\/\/cerenef.org\/wp-content\/uploads\/2025\/03\/equipe-Lyon-Laura-07-02-25-150x150.jpg\" class=\"attachment-thumbnail size-thumbnail\" alt=\"Laura Fertitta + \u00e9quipe Lyon\" \/><\/a>\n\t\t\t<\/dt><\/dl><dl class='gallery-item'>\n\t\t\t<dt class='gallery-icon landscape'>\n\t\t\t\t<a data-elementor-open-lightbox=\"yes\" data-elementor-lightbox-slideshow=\"6628bf5\" data-elementor-lightbox-title=\"Sabine Moryousef, Ariane Lunati-Rozie et Jean-Michel Dubois  Jean-Michel Dubois\" data-e-action-hash=\"#elementor-action%3Aaction%3Dlightbox%26settings%3DeyJpZCI6Mzk3NSwidXJsIjoiaHR0cHM6XC9cL2NlcmVuZWYub3JnXC93cC1jb250ZW50XC91cGxvYWRzXC8yMDI1XC8wM1wvYXJpYW5lLXNhYmluZS1KTS1EdWJvaXMtMDctMDItMjUuanBnIiwic2xpZGVzaG93IjoiNjYyOGJmNSJ9\" href='https:\/\/cerenef.org\/wp-content\/uploads\/2025\/03\/ariane-sabine-JM-Dubois-07-02-25.jpg'><img loading=\"lazy\" decoding=\"async\" width=\"150\" height=\"150\" src=\"https:\/\/cerenef.org\/wp-content\/uploads\/2025\/03\/ariane-sabine-JM-Dubois-07-02-25-150x150.jpg\" class=\"attachment-thumbnail size-thumbnail\" alt=\"Sabine Moryousef, Ariane Lunati-Rozie et Jean-Michel Dubois Jean-Michel Dubois\" \/><\/a>\n\t\t\t<\/dt><\/dl><dl class='gallery-item'>\n\t\t\t<dt class='gallery-icon landscape'>\n\t\t\t\t<a data-elementor-open-lightbox=\"yes\" data-elementor-lightbox-slideshow=\"6628bf5\" data-elementor-lightbox-title=\"Alexandra Vo et Audrey Colin\" data-e-action-hash=\"#elementor-action%3Aaction%3Dlightbox%26settings%3DeyJpZCI6Mzk3NCwidXJsIjoiaHR0cHM6XC9cL2NlcmVuZWYub3JnXC93cC1jb250ZW50XC91cGxvYWRzXC8yMDI1XC8wM1wvQWxleGFuZHJhLVZvLWV0LUF1ZHJleS1Db2xpbi5qcGciLCJzbGlkZXNob3ciOiI2NjI4YmY1In0%3D\" href='https:\/\/cerenef.org\/wp-content\/uploads\/2025\/03\/Alexandra-Vo-et-Audrey-Colin.jpg'><img loading=\"lazy\" decoding=\"async\" width=\"150\" height=\"150\" src=\"https:\/\/cerenef.org\/wp-content\/uploads\/2025\/03\/Alexandra-Vo-et-Audrey-Colin-150x150.jpg\" class=\"attachment-thumbnail size-thumbnail\" alt=\"Alexandra Vo et Audrey Colin\" \/><\/a>\n\t\t\t<\/dt><\/dl>\n\t\t\t<br style='clear: both' \/>\n\t\t<\/div>\n\t\t<\/div>\n\t\t\t\t\t\t<\/div>\n\t\t\t\t<\/div>\n\t\t\t\t\t<\/div>\n\t\t<\/div>\n\t\t\t\t\t<\/div>\n\t\t<\/section>\n\t\t\t\t<section class=\"elementor-section elementor-top-section elementor-element elementor-element-606fa6d elementor-section-boxed elementor-section-height-default elementor-section-height-default\" data-id=\"606fa6d\" data-element_type=\"section\" data-e-type=\"section\">\n\t\t\t\t\t\t<div class=\"elementor-container elementor-column-gap-default\">\n\t\t\t\t\t<div class=\"elementor-column elementor-col-100 elementor-top-column elementor-element elementor-element-0c2c8d2\" data-id=\"0c2c8d2\" data-element_type=\"column\" data-e-type=\"column\">\n\t\t\t<div class=\"elementor-widget-wrap elementor-element-populated\">\n\t\t\t\t\t\t<div class=\"elementor-element elementor-element-1ed8dbd elementor-widget elementor-widget-text-editor\" data-id=\"1ed8dbd\" data-element_type=\"widget\" data-e-type=\"widget\" data-widget_type=\"text-editor.default\">\n\t\t\t\t<div class=\"elementor-widget-container\">\n\t\t\t\t\t\t\t\t\t<h2><strong>Rare Disease Day - Friday, February 28, 2025<\/strong><\/h2>\nInternational Rare Disease Day was held on Friday February 28, and ESMARA, the Grand Paris Est rare disease expertise platform, organized a dedicated day. CERENEF and the other centers in the platform took part, offering a unique opportunity for exchange and reflection on the theme of raising awareness of rare diseases, for patients, visitors and staff at Henri-Mondor Hospital (AP-HP).\n\nPhotos: copyright \u00a9 Direction de la communication Henri Mondor\t\t\t\t\t\t\t\t<\/div>\n\t\t\t\t<\/div>\n\t\t\t\t\t<\/div>\n\t\t<\/div>\n\t\t\t\t\t<\/div>\n\t\t<\/section>\n\t\t\t\t<section class=\"elementor-section elementor-top-section elementor-element elementor-element-2b1fe54 elementor-section-boxed elementor-section-height-default elementor-section-height-default\" data-id=\"2b1fe54\" data-element_type=\"section\" data-e-type=\"section\">\n\t\t\t\t\t\t<div class=\"elementor-container elementor-column-gap-default\">\n\t\t\t\t\t<div class=\"elementor-column elementor-col-100 elementor-top-column elementor-element elementor-element-9bbe6f8\" data-id=\"9bbe6f8\" data-element_type=\"column\" data-e-type=\"column\">\n\t\t\t<div class=\"elementor-widget-wrap elementor-element-populated\">\n\t\t\t\t\t\t<div class=\"elementor-element elementor-element-18524fa gallery-spacing-custom elementor-widget elementor-widget-image-gallery\" data-id=\"18524fa\" data-element_type=\"widget\" data-e-type=\"widget\" data-widget_type=\"image-gallery.default\">\n\t\t\t\t<div class=\"elementor-widget-container\">\n\t\t\t\t\t\t\t<div class=\"elementor-image-gallery\">\n\t\t\t<div id='gallery-3' class='gallery galleryid-4011 gallery-columns-4 gallery-size-thumbnail'><dl class='gallery-item'>\n\t\t\t<dt class='gallery-icon landscape'>\n\t\t\t\t<a data-elementor-open-lightbox=\"yes\" data-elementor-lightbox-slideshow=\"18524fa\" data-elementor-lightbox-title=\"journ\u00e9e maladies rares 2025 02 28 (21)\" data-e-action-hash=\"#elementor-action%3Aaction%3Dlightbox%26settings%3DeyJpZCI6Mzk5NCwidXJsIjoiaHR0cHM6XC9cL2NlcmVuZWYub3JnXC93cC1jb250ZW50XC91cGxvYWRzXC8yMDI1XC8wM1wvam91cm5lZS1tYWxhZGllcy1yYXJlcy0yMDI1LTAyLTI4LTIxLXNjYWxlZC5qcGciLCJzbGlkZXNob3ciOiIxODUyNGZhIn0%3D\" href='https:\/\/cerenef.org\/wp-content\/uploads\/2025\/03\/journee-maladies-rares-2025-02-28-21-scaled.jpg'><img loading=\"lazy\" decoding=\"async\" width=\"150\" height=\"150\" src=\"https:\/\/cerenef.org\/wp-content\/uploads\/2025\/03\/journee-maladies-rares-2025-02-28-21-150x150.jpg\" class=\"attachment-thumbnail size-thumbnail\" alt=\"\" \/><\/a>\n\t\t\t<\/dt><\/dl><dl class='gallery-item'>\n\t\t\t<dt class='gallery-icon landscape'>\n\t\t\t\t<a data-elementor-open-lightbox=\"yes\" data-elementor-lightbox-slideshow=\"18524fa\" data-elementor-lightbox-title=\"Journ\u00e9e internationale des maladies rares 2025 - H\u00f4pital Henri-Mondor (AP-HP)\" data-e-action-hash=\"#elementor-action%3Aaction%3Dlightbox%26settings%3DeyJpZCI6Mzk5NiwidXJsIjoiaHR0cHM6XC9cL2NlcmVuZWYub3JnXC93cC1jb250ZW50XC91cGxvYWRzXC8yMDI1XC8wM1wvam91cm5lZS1tYWxhZGllcy1yYXJlcy0yMDI1LTAyLTI4LTIzLXNjYWxlZC5qcGciLCJzbGlkZXNob3ciOiIxODUyNGZhIn0%3D\" href='https:\/\/cerenef.org\/wp-content\/uploads\/2025\/03\/journee-maladies-rares-2025-02-28-23-scaled.jpg'><img loading=\"lazy\" decoding=\"async\" width=\"150\" height=\"150\" src=\"https:\/\/cerenef.org\/wp-content\/uploads\/2025\/03\/journee-maladies-rares-2025-02-28-23-150x150.jpg\" class=\"attachment-thumbnail size-thumbnail\" alt=\"Journ\u00e9e internationale des maladies rares 2025 - H\u00f4pital Henri-Mondor (AP-HP)\" \/><\/a>\n\t\t\t<\/dt><\/dl><dl class='gallery-item'>\n\t\t\t<dt class='gallery-icon landscape'>\n\t\t\t\t<a data-elementor-open-lightbox=\"yes\" data-elementor-lightbox-slideshow=\"18524fa\" data-elementor-lightbox-title=\"Journ\u00e9e internationale des maladies rares 2025 - H\u00f4pital Henri-Mondor (AP-HP)\" data-e-action-hash=\"#elementor-action%3Aaction%3Dlightbox%26settings%3DeyJpZCI6Mzk5OCwidXJsIjoiaHR0cHM6XC9cL2NlcmVuZWYub3JnXC93cC1jb250ZW50XC91cGxvYWRzXC8yMDI1XC8wM1wvam91cm5lZS1tYWxhZGllcy1yYXJlcy0yMDI1LTAyLTI4LTQ5LXNjYWxlZC5qcGciLCJzbGlkZXNob3ciOiIxODUyNGZhIn0%3D\" href='https:\/\/cerenef.org\/wp-content\/uploads\/2025\/03\/journee-maladies-rares-2025-02-28-49-scaled.jpg'><img loading=\"lazy\" decoding=\"async\" width=\"150\" height=\"150\" src=\"https:\/\/cerenef.org\/wp-content\/uploads\/2025\/03\/journee-maladies-rares-2025-02-28-49-150x150.jpg\" class=\"attachment-thumbnail size-thumbnail\" alt=\"Journ\u00e9e internationale des maladies rares 2025 - H\u00f4pital Henri-Mondor (AP-HP)\" \/><\/a>\n\t\t\t<\/dt><\/dl><dl class='gallery-item'>\n\t\t\t<dt class='gallery-icon landscape'>\n\t\t\t\t<a data-elementor-open-lightbox=\"yes\" data-elementor-lightbox-slideshow=\"18524fa\" data-elementor-lightbox-title=\"Journ\u00e9e internationale des maladies rares 2025 - H\u00f4pital Henri-Mondor (AP-HP)\" data-e-action-hash=\"#elementor-action%3Aaction%3Dlightbox%26settings%3DeyJpZCI6NDAwMCwidXJsIjoiaHR0cHM6XC9cL2NlcmVuZWYub3JnXC93cC1jb250ZW50XC91cGxvYWRzXC8yMDI1XC8wM1wvam91cm5lZS1tYWxhZGllcy1yYXJlcy0yMDI1LTAyLTI4LTU3LXNjYWxlZC5qcGciLCJzbGlkZXNob3ciOiIxODUyNGZhIn0%3D\" href='https:\/\/cerenef.org\/wp-content\/uploads\/2025\/03\/journee-maladies-rares-2025-02-28-57-scaled.jpg'><img loading=\"lazy\" decoding=\"async\" width=\"150\" height=\"150\" src=\"https:\/\/cerenef.org\/wp-content\/uploads\/2025\/03\/journee-maladies-rares-2025-02-28-57-150x150.jpg\" class=\"attachment-thumbnail size-thumbnail\" alt=\"Journ\u00e9e internationale des maladies rares 2025 - H\u00f4pital Henri-Mondor (AP-HP)\" \/><\/a>\n\t\t\t<\/dt><\/dl><br style=\"clear: both\" \/>\n\t\t<\/div>\n\t\t<\/div>\n\t\t\t\t\t\t<\/div>\n\t\t\t\t<\/div>\n\t\t\t\t\t<\/div>\n\t\t<\/div>\n\t\t\t\t\t<\/div>\n\t\t<\/section>\n\t\t\t\t<\/div>","protected":false},"excerpt":{"rendered":"<p>Journ\u00e9e ENFG &#8211; Vendredi 04 avril 2025 Le 4 avril 2025 s&rsquo;est tenue la journ\u00e9e ENFG r\u00e9unissant les experts cliniciens, chercheurs, patients et leurs repr\u00e9sentants \u00e0 la Maison de la Dermatologie de Paris. Cette journ\u00e9e a permis de renforcer les liens europ\u00e9ens et d&rsquo;ouvrir la porte \u00e0 de prochaines collaborations. Journ\u00e9e des centres CERENEF &#8211;&hellip;&nbsp;<\/p>\n<div class=\"read-more-wrapper\"><a href=\"https:\/\/cerenef.org\/en\/retour-sur\/\" class=\"button button-secondary\" rel=\"bookmark\">\u279c Read more<span class=\"screen-reader-text\">Retour sur&#8230;<\/span><\/a><\/div>","protected":false},"author":1,"featured_media":0,"comment_status":"closed","ping_status":"closed","sticky":false,"template":"","format":"standard","meta":{"neve_meta_sidebar":"","neve_meta_container":"","neve_meta_enable_content_width":"off","neve_meta_content_width":70,"neve_meta_title_alignment":"","neve_meta_author_avatar":"","neve_post_elements_order":"","neve_meta_disable_header":"","neve_meta_disable_footer":"","neve_meta_disable_title":"","neve_meta_reading_time":"","footnotes":""},"categories":[8],"tags":[],"class_list":["post-4011","post","type-post","status-publish","format-standard","hentry","category-actualites"],"_links":{"self":[{"href":"https:\/\/cerenef.org\/en\/wp-json\/wp\/v2\/posts\/4011","targetHints":{"allow":["GET"]}}],"collection":[{"href":"https:\/\/cerenef.org\/en\/wp-json\/wp\/v2\/posts"}],"about":[{"href":"https:\/\/cerenef.org\/en\/wp-json\/wp\/v2\/types\/post"}],"author":[{"embeddable":true,"href":"https:\/\/cerenef.org\/en\/wp-json\/wp\/v2\/users\/1"}],"replies":[{"embeddable":true,"href":"https:\/\/cerenef.org\/en\/wp-json\/wp\/v2\/comments?post=4011"}],"version-history":[{"count":11,"href":"https:\/\/cerenef.org\/en\/wp-json\/wp\/v2\/posts\/4011\/revisions"}],"predecessor-version":[{"id":4081,"href":"https:\/\/cerenef.org\/en\/wp-json\/wp\/v2\/posts\/4011\/revisions\/4081"}],"wp:attachment":[{"href":"https:\/\/cerenef.org\/en\/wp-json\/wp\/v2\/media?parent=4011"}],"wp:term":[{"taxonomy":"category","embeddable":true,"href":"https:\/\/cerenef.org\/en\/wp-json\/wp\/v2\/categories?post=4011"},{"taxonomy":"post_tag","embeddable":true,"href":"https:\/\/cerenef.org\/en\/wp-json\/wp\/v2\/tags?post=4011"}],"curies":[{"name":"wp","href":"https:\/\/api.w.org\/{rel}","templated":true}]}}