{"id":431,"date":"2021-11-28T11:53:32","date_gmt":"2021-11-28T10:53:32","guid":{"rendered":"https:\/\/cerenef.org\/?page_id=431"},"modified":"2023-12-07T12:56:22","modified_gmt":"2023-12-07T11:56:22","slug":"information-vaccination-neurofibromatose-de-type-1","status":"publish","type":"post","link":"https:\/\/cerenef.org\/en\/information-vaccination-neurofibromatose-de-type-1\/","title":{"rendered":"Learn about vaccination"},"content":{"rendered":"<div data-elementor-type=\"wp-page\" data-elementor-id=\"431\" class=\"elementor elementor-431\">\n\t\t\t\t\t\t<section class=\"elementor-section elementor-top-section elementor-element elementor-element-c980b44 elementor-section-boxed elementor-section-height-default elementor-section-height-default elementor-invisible\" data-id=\"c980b44\" data-element_type=\"section\" data-e-type=\"section\" data-settings=\"{&quot;animation&quot;:&quot;fadeInLeft&quot;}\">\n\t\t\t\t\t\t<div class=\"elementor-container elementor-column-gap-default\">\n\t\t\t\t\t<div class=\"elementor-column elementor-col-100 elementor-top-column elementor-element elementor-element-064ca5c\" data-id=\"064ca5c\" data-element_type=\"column\" data-e-type=\"column\">\n\t\t\t<div class=\"elementor-widget-wrap elementor-element-populated\">\n\t\t\t\t\t\t<div class=\"elementor-element elementor-element-105de86 elementor-widget elementor-widget-image\" data-id=\"105de86\" data-element_type=\"widget\" data-e-type=\"widget\" data-widget_type=\"image.default\">\n\t\t\t\t<div class=\"elementor-widget-container\">\n\t\t\t\t\t\t\t\t\t\t\t\t\t\t\t<img decoding=\"async\" src=\"https:\/\/cerenef.org\/wp-content\/uploads\/2022\/01\/vaccination-neurofibromatoses-mondor.jpg\" title=\"CERENEF\" alt=\"CERENEF\" loading=\"lazy\" \/>\t\t\t\t\t\t\t\t\t\t\t\t\t\t\t<\/div>\n\t\t\t\t<\/div>\n\t\t\t\t\t<\/div>\n\t\t<\/div>\n\t\t\t\t\t<\/div>\n\t\t<\/section>\n\t\t\t\t<section class=\"elementor-section elementor-top-section elementor-element elementor-element-59e92cc4 elementor-section-boxed elementor-section-height-default elementor-section-height-default\" data-id=\"59e92cc4\" data-element_type=\"section\" data-e-type=\"section\">\n\t\t\t\t\t\t<div class=\"elementor-container elementor-column-gap-default\">\n\t\t\t\t\t<div class=\"elementor-column elementor-col-100 elementor-top-column elementor-element elementor-element-7c60faea\" data-id=\"7c60faea\" data-element_type=\"column\" data-e-type=\"column\">\n\t\t\t<div class=\"elementor-widget-wrap elementor-element-populated\">\n\t\t\t\t\t\t<div class=\"elementor-element elementor-element-73517414 elementor-widget elementor-widget-text-editor\" data-id=\"73517414\" data-element_type=\"widget\" data-e-type=\"widget\" data-widget_type=\"text-editor.default\">\n\t\t\t\t<div class=\"elementor-widget-container\">\n\t\t\t\t\t\t\t\t\t<p>Neurofibromatosis type 1 (NF1) in children, as in adults, does not directly require adaptation of the vaccination schedule: there are no additional or contraindicated vaccines.<\/p><p>The possible indication for additional vaccines,other than those of the conventional vaccination schedule,for patients with NF1, similarly to people with chronic diseases, depends on the following factors:<\/p><ul><li>Possible intake of immunosuppressive or immunomodulatory drugs.<\/li><li>Possible complications of NF1: malignant tumours of nerve sheath, other cancers.<\/li><li>Possibly associated comorbidities independent of NF1: cardiac, respiratory, renal failure, hemopathies...<\/li><\/ul><p><a href=\"https:\/\/vaccination-info-service.fr\/\" target=\"_blank\" rel=\"noopener\" data-wplink-edit=\"true\">\"vaccination-info-service.fr\"<\/a> website, attached to the Ministry of Health, also provides clear, precise, and appropriate information on vaccination in general. It also provides answers to questions about vaccination against SARS-CoV-2 (COVID-19).<\/p><p>Finally, the Weekly Epidemiological Bulletin (Bulletin \u00c9pid\u00e9miologique Hebdomadaire, BEH), a peer-reviewed journal edited by the Public Health in France, publishes articles suggested by all public health actors. Each year, it publishes the classic vaccination schedule adapted to possible chronic pathologies. Its access is freely available online. Do not hesitate to <a href=\"https:\/\/www.santepubliquefrance.fr\/revues\/beh\/bulletin-epidemiologique-hebdomadaire\" target=\"_blank\" rel=\"noopener\" data-wplink-edit=\"true\">consult it<\/a> regularly.<\/p>\t\t\t\t\t\t\t\t<\/div>\n\t\t\t\t<\/div>\n\t\t\t\t\t<\/div>\n\t\t<\/div>\n\t\t\t\t\t<\/div>\n\t\t<\/section>\n\t\t\t\t<section class=\"elementor-section elementor-top-section elementor-element elementor-element-47372e8 elementor-section-boxed elementor-section-height-default elementor-section-height-default\" data-id=\"47372e8\" data-element_type=\"section\" data-e-type=\"section\">\n\t\t\t\t\t\t<div class=\"elementor-container elementor-column-gap-default\">\n\t\t\t\t\t<div class=\"elementor-column elementor-col-25 elementor-top-column elementor-element elementor-element-7d2b83c\" data-id=\"7d2b83c\" data-element_type=\"column\" data-e-type=\"column\">\n\t\t\t<div class=\"elementor-widget-wrap\">\n\t\t\t\t\t\t\t<\/div>\n\t\t<\/div>\n\t\t\t\t<div class=\"elementor-column elementor-col-50 elementor-top-column elementor-element elementor-element-ee4bd08\" data-id=\"ee4bd08\" data-element_type=\"column\" data-e-type=\"column\">\n\t\t\t<div class=\"elementor-widget-wrap elementor-element-populated\">\n\t\t\t\t\t\t<div class=\"elementor-element elementor-element-2b10924 elementor-widget elementor-widget-video\" data-id=\"2b10924\" data-element_type=\"widget\" data-e-type=\"widget\" data-settings=\"{&quot;youtube_url&quot;:&quot;https:\\\/\\\/youtu.be\\\/2DzXq6bX0iU&quot;,&quot;video_type&quot;:&quot;youtube&quot;,&quot;controls&quot;:&quot;yes&quot;}\" data-widget_type=\"video.default\">\n\t\t\t\t<div class=\"elementor-widget-container\">\n\t\t\t\t\t\t\t<div class=\"elementor-wrapper elementor-open-inline\">\n\t\t\t<div class=\"elementor-video\"><\/div>\t\t<\/div>\n\t\t\t\t\t\t<\/div>\n\t\t\t\t<\/div>\n\t\t\t\t\t<\/div>\n\t\t<\/div>\n\t\t\t\t<div class=\"elementor-column elementor-col-25 elementor-top-column elementor-element elementor-element-8c1476f\" data-id=\"8c1476f\" data-element_type=\"column\" data-e-type=\"column\">\n\t\t\t<div class=\"elementor-widget-wrap\">\n\t\t\t\t\t\t\t<\/div>\n\t\t<\/div>\n\t\t\t\t\t<\/div>\n\t\t<\/section>\n\t\t\t\t<section class=\"elementor-section elementor-top-section elementor-element elementor-element-863087f elementor-section-boxed elementor-section-height-default elementor-section-height-default\" data-id=\"863087f\" data-element_type=\"section\" data-e-type=\"section\">\n\t\t\t\t\t\t<div class=\"elementor-container elementor-column-gap-default\">\n\t\t\t\t\t<div class=\"elementor-column elementor-col-50 elementor-top-column elementor-element elementor-element-f7e03b3\" data-id=\"f7e03b3\" data-element_type=\"column\" data-e-type=\"column\">\n\t\t\t<div class=\"elementor-widget-wrap elementor-element-populated\">\n\t\t\t\t\t\t<div class=\"elementor-element elementor-element-15d526d elementor-widget elementor-widget-image\" data-id=\"15d526d\" data-element_type=\"widget\" data-e-type=\"widget\" data-widget_type=\"image.default\">\n\t\t\t\t<div class=\"elementor-widget-container\">\n\t\t\t\t\t\t\t\t\t\t\t\t\t\t\t\t<a href=\"https:\/\/vaccination-info-service.fr\/\" target=\"_blank\">\n\t\t\t\t\t\t\t<img decoding=\"async\" width=\"295\" height=\"166\" src=\"https:\/\/cerenef.org\/wp-content\/uploads\/2021\/12\/vaccin-info-service.jpg\" class=\"elementor-animation-shrink attachment-full size-full wp-image-1167\" alt=\"Vaccination Info Service\" \/>\t\t\t\t\t\t\t\t<\/a>\n\t\t\t\t\t\t\t\t\t\t\t\t\t\t\t<\/div>\n\t\t\t\t<\/div>\n\t\t\t\t\t<\/div>\n\t\t<\/div>\n\t\t\t\t<div class=\"elementor-column elementor-col-50 elementor-top-column elementor-element elementor-element-74aa7fd\" data-id=\"74aa7fd\" data-element_type=\"column\" data-e-type=\"column\">\n\t\t\t<div class=\"elementor-widget-wrap elementor-element-populated\">\n\t\t\t\t\t\t<div class=\"elementor-element elementor-element-fbea0cb elementor-widget elementor-widget-image\" data-id=\"fbea0cb\" data-element_type=\"widget\" data-e-type=\"widget\" data-widget_type=\"image.default\">\n\t\t\t\t<div class=\"elementor-widget-container\">\n\t\t\t\t\t\t\t\t\t\t\t\t\t\t\t\t<a href=\"https:\/\/www.santepubliquefrance.fr\/revues\/beh\/bulletin-epidemiologique-hebdomadaire\" target=\"_blank\">\n\t\t\t\t\t\t\t<img decoding=\"async\" width=\"295\" height=\"166\" src=\"https:\/\/cerenef.org\/wp-content\/uploads\/2021\/12\/sante-publique-france.jpg\" class=\"elementor-animation-shrink attachment-large size-large wp-image-1166\" alt=\"Sant\u00e9 publique Frnace\" \/>\t\t\t\t\t\t\t\t<\/a>\n\t\t\t\t\t\t\t\t\t\t\t\t\t\t\t<\/div>\n\t\t\t\t<\/div>\n\t\t\t\t\t<\/div>\n\t\t<\/div>\n\t\t\t\t\t<\/div>\n\t\t<\/section>\n\t\t\t\t<\/div>","protected":false},"excerpt":{"rendered":"<p>La neurofibromatose de type 1 (NF1) chez l\u2019enfant, comme chez l\u2019adulte ne n\u00e9cessite directement pas d\u2019adaptation du calendrier vaccinal\u00a0: pas de vaccin suppl\u00e9mentaire ou contre-indiqu\u00e9 syst\u00e9matique. L\u2019\u00e9ventuelle indication \u00e0 des vaccins compl\u00e9mentaires \u00e0 ceux du calendrier vaccinal classique d\u00e9pend chez les patients atteints de NF1 comme chez toutes les personnes atteintes d\u2019une maladie chronique en&hellip;&nbsp;<\/p>\n<div class=\"read-more-wrapper\"><a href=\"https:\/\/cerenef.org\/en\/information-vaccination-neurofibromatose-de-type-1\/\" class=\"button button-secondary\" rel=\"bookmark\">\u279c Read more<span class=\"screen-reader-text\">Learn about vaccination<\/span><\/a><\/div>","protected":false},"author":1,"featured_media":0,"comment_status":"closed","ping_status":"closed","sticky":false,"template":"","format":"standard","meta":{"neve_meta_sidebar":"","neve_meta_container":"","neve_meta_enable_content_width":"off","neve_meta_content_width":100,"neve_meta_title_alignment":"","neve_meta_author_avatar":"","neve_post_elements_order":"","neve_meta_disable_header":"","neve_meta_disable_footer":"","neve_meta_disable_title":"","neve_meta_reading_time":"","footnotes":""},"categories":[12],"tags":[],"class_list":["post-431","post","type-post","status-publish","format-standard","hentry","category-vivre-avec-une-nf1"],"_links":{"self":[{"href":"https:\/\/cerenef.org\/en\/wp-json\/wp\/v2\/posts\/431","targetHints":{"allow":["GET"]}}],"collection":[{"href":"https:\/\/cerenef.org\/en\/wp-json\/wp\/v2\/posts"}],"about":[{"href":"https:\/\/cerenef.org\/en\/wp-json\/wp\/v2\/types\/post"}],"author":[{"embeddable":true,"href":"https:\/\/cerenef.org\/en\/wp-json\/wp\/v2\/users\/1"}],"replies":[{"embeddable":true,"href":"https:\/\/cerenef.org\/en\/wp-json\/wp\/v2\/comments?post=431"}],"version-history":[{"count":0,"href":"https:\/\/cerenef.org\/en\/wp-json\/wp\/v2\/posts\/431\/revisions"}],"wp:attachment":[{"href":"https:\/\/cerenef.org\/en\/wp-json\/wp\/v2\/media?parent=431"}],"wp:term":[{"taxonomy":"category","embeddable":true,"href":"https:\/\/cerenef.org\/en\/wp-json\/wp\/v2\/categories?post=431"},{"taxonomy":"post_tag","embeddable":true,"href":"https:\/\/cerenef.org\/en\/wp-json\/wp\/v2\/tags?post=431"}],"curies":[{"name":"wp","href":"https:\/\/api.w.org\/{rel}","templated":true}]}}